{"id":1425,"date":"2022-01-06T15:34:26","date_gmt":"2022-01-06T18:34:26","guid":{"rendered":"https:\/\/mcabogados.com.ar\/?p=1425"},"modified":"2022-01-06T15:34:27","modified_gmt":"2022-01-06T18:34:27","slug":"aseguradoras-de-riesgos-de-trabajo-el-covid-19-deja-de-considerarse-enfermedad-profesional","status":"publish","type":"post","link":"https:\/\/mcabogados.com.ar\/index.php\/2022\/01\/06\/aseguradoras-de-riesgos-de-trabajo-el-covid-19-deja-de-considerarse-enfermedad-profesional\/","title":{"rendered":"Aseguradoras de riesgos de trabajo: el COVID-19 deja de considerarse enfermedad profesional."},"content":{"rendered":"\n<p>El 1\u00ba de enero de 2022, se cumpli\u00f3 el plazo de cobertura asegurativa del Covid-19 que el Decreto N\u00b0413\/2021 hab\u00eda prorrogado hasta el d\u00eda 31 de diciembre de 2021, consecuentemente el Covid-19 dej\u00f3 de ser considerada como una enfermedad \u201cpresuntivamente\u201d de car\u00e1cter profesional en los t\u00e9rminos de la Ley de Riesgos del Trabajo N\u00b024.557 y modificatorias, respecto a los trabajadores que hubieran prestado tareas fuera de su domicilio particular.<\/p>\n\n\n\n<p>Las Aseguradoras de Riesgos del Trabajo continuar\u00e1n brindando cobertura respecto al Covid-19, para el caso de los trabajadores de la salud y miembros de las fuerzas de seguridad.<\/p>\n","protected":false},"excerpt":{"rendered":"<p>El 1\u00ba de enero de 2022, se cumpli\u00f3 el plazo de cobertura asegurativa del Covid-19 que el Decreto N\u00b0413\/2021 hab\u00eda prorrogado hasta el d\u00eda 31 de diciembre de 2021, consecuentemente el Covid-19 dej\u00f3 de ser considerada como una enfermedad \u201cpresuntivamente\u201d de car\u00e1cter profesional en los t\u00e9rminos de la Ley de Riesgos del Trabajo N\u00b024.557 y [&hellip;]<\/p>\n","protected":false},"author":1,"featured_media":0,"comment_status":"open","ping_status":"open","sticky":false,"template":"","format":"standard","meta":{"footnotes":""},"categories":[3],"tags":[23],"class_list":["post-1425","post","type-post","status-publish","format-standard","hentry","category-novedades","tag-riesgodetrabajo"],"_links":{"self":[{"href":"https:\/\/mcabogados.com.ar\/index.php\/wp-json\/wp\/v2\/posts\/1425","targetHints":{"allow":["GET"]}}],"collection":[{"href":"https:\/\/mcabogados.com.ar\/index.php\/wp-json\/wp\/v2\/posts"}],"about":[{"href":"https:\/\/mcabogados.com.ar\/index.php\/wp-json\/wp\/v2\/types\/post"}],"author":[{"embeddable":true,"href":"https:\/\/mcabogados.com.ar\/index.php\/wp-json\/wp\/v2\/users\/1"}],"replies":[{"embeddable":true,"href":"https:\/\/mcabogados.com.ar\/index.php\/wp-json\/wp\/v2\/comments?post=1425"}],"version-history":[{"count":1,"href":"https:\/\/mcabogados.com.ar\/index.php\/wp-json\/wp\/v2\/posts\/1425\/revisions"}],"predecessor-version":[{"id":1426,"href":"https:\/\/mcabogados.com.ar\/index.php\/wp-json\/wp\/v2\/posts\/1425\/revisions\/1426"}],"wp:attachment":[{"href":"https:\/\/mcabogados.com.ar\/index.php\/wp-json\/wp\/v2\/media?parent=1425"}],"wp:term":[{"taxonomy":"category","embeddable":true,"href":"https:\/\/mcabogados.com.ar\/index.php\/wp-json\/wp\/v2\/categories?post=1425"},{"taxonomy":"post_tag","embeddable":true,"href":"https:\/\/mcabogados.com.ar\/index.php\/wp-json\/wp\/v2\/tags?post=1425"}],"curies":[{"name":"wp","href":"https:\/\/api.w.org\/{rel}","templated":true}]}}